{"id":56106,"date":"2024-03-07T18:00:00","date_gmt":"2024-03-07T17:00:00","guid":{"rendered":"https:\/\/www.mottodistribution.com\/site\/?p=56106"},"modified":"2024-03-05T22:36:08","modified_gmt":"2024-03-05T21:36:08","slug":"une-idee-du-temps-eliane-radigue","status":"publish","type":"post","link":"https:\/\/www.mottodistribution.com\/site\/?p=56106","title":{"rendered":"Une Id\u00e9e du Temps &#8211; Eliane Radigue"},"content":{"rendered":"\n<figure class=\"wp-block-image size-large\"><img loading=\"lazy\" width=\"682\" height=\"817\" src=\"https:\/\/www.mottodistribution.com\/site\/wp-content\/uploads\/2024\/03\/Une-Ide\u0301e-du-Temps-Eliane-Radigue9-682x817.jpeg\" alt=\"\" class=\"wp-image-56107\" srcset=\"https:\/\/www.mottodistribution.com\/site\/wp-content\/uploads\/2024\/03\/Une-Ide\u0301e-du-Temps-Eliane-Radigue9-682x817.jpeg 682w, https:\/\/www.mottodistribution.com\/site\/wp-content\/uploads\/2024\/03\/Une-Ide\u0301e-du-Temps-Eliane-Radigue9-251x300.jpeg 251w, https:\/\/www.mottodistribution.com\/site\/wp-content\/uploads\/2024\/03\/Une-Ide\u0301e-du-Temps-Eliane-Radigue9-768x920.jpeg 768w, https:\/\/www.mottodistribution.com\/site\/wp-content\/uploads\/2024\/03\/Une-Ide\u0301e-du-Temps-Eliane-Radigue9.jpeg 1069w\" sizes=\"(max-width: 682px) 100vw, 682px\" \/><\/figure>\n\n\n\n<figure class=\"wp-block-image size-large\"><img loading=\"lazy\" width=\"682\" height=\"682\" src=\"https:\/\/www.mottodistribution.com\/site\/wp-content\/uploads\/2024\/03\/Une-Ide\u0301e-du-Temps-Eliane-Radigue8-682x682.jpeg\" alt=\"\" class=\"wp-image-56108\" srcset=\"https:\/\/www.mottodistribution.com\/site\/wp-content\/uploads\/2024\/03\/Une-Ide\u0301e-du-Temps-Eliane-Radigue8-682x682.jpeg 682w, https:\/\/www.mottodistribution.com\/site\/wp-content\/uploads\/2024\/03\/Une-Ide\u0301e-du-Temps-Eliane-Radigue8-300x300.jpeg 300w, https:\/\/www.mottodistribution.com\/site\/wp-content\/uploads\/2024\/03\/Une-Ide\u0301e-du-Temps-Eliane-Radigue8-150x150.jpeg 150w, https:\/\/www.mottodistribution.com\/site\/wp-content\/uploads\/2024\/03\/Une-Ide\u0301e-du-Temps-Eliane-Radigue8-768x768.jpeg 768w, https:\/\/www.mottodistribution.com\/site\/wp-content\/uploads\/2024\/03\/Une-Ide\u0301e-du-Temps-Eliane-Radigue8.jpeg 1280w\" sizes=\"(max-width: 682px) 100vw, 682px\" \/><\/figure>\n\n\n\n<figure class=\"wp-block-image size-large\"><img loading=\"lazy\" width=\"682\" height=\"682\" src=\"https:\/\/www.mottodistribution.com\/site\/wp-content\/uploads\/2024\/03\/Une-Ide\u0301e-du-Temps-Eliane-Radigue7-682x682.jpeg\" alt=\"\" class=\"wp-image-56109\" srcset=\"https:\/\/www.mottodistribution.com\/site\/wp-content\/uploads\/2024\/03\/Une-Ide\u0301e-du-Temps-Eliane-Radigue7-682x682.jpeg 682w, https:\/\/www.mottodistribution.com\/site\/wp-content\/uploads\/2024\/03\/Une-Ide\u0301e-du-Temps-Eliane-Radigue7-300x300.jpeg 300w, https:\/\/www.mottodistribution.com\/site\/wp-content\/uploads\/2024\/03\/Une-Ide\u0301e-du-Temps-Eliane-Radigue7-150x150.jpeg 150w, https:\/\/www.mottodistribution.com\/site\/wp-content\/uploads\/2024\/03\/Une-Ide\u0301e-du-Temps-Eliane-Radigue7-768x768.jpeg 768w, https:\/\/www.mottodistribution.com\/site\/wp-content\/uploads\/2024\/03\/Une-Ide\u0301e-du-Temps-Eliane-Radigue7.jpeg 1280w\" sizes=\"(max-width: 682px) 100vw, 682px\" \/><\/figure>\n\n\n\n<figure class=\"wp-block-image size-large\"><img loading=\"lazy\" width=\"682\" height=\"682\" src=\"https:\/\/www.mottodistribution.com\/site\/wp-content\/uploads\/2024\/03\/Une-Ide\u0301e-du-Temps-Eliane-Radigue6-682x682.jpeg\" alt=\"\" class=\"wp-image-56110\" srcset=\"https:\/\/www.mottodistribution.com\/site\/wp-content\/uploads\/2024\/03\/Une-Ide\u0301e-du-Temps-Eliane-Radigue6-682x682.jpeg 682w, https:\/\/www.mottodistribution.com\/site\/wp-content\/uploads\/2024\/03\/Une-Ide\u0301e-du-Temps-Eliane-Radigue6-300x300.jpeg 300w, https:\/\/www.mottodistribution.com\/site\/wp-content\/uploads\/2024\/03\/Une-Ide\u0301e-du-Temps-Eliane-Radigue6-150x150.jpeg 150w, https:\/\/www.mottodistribution.com\/site\/wp-content\/uploads\/2024\/03\/Une-Ide\u0301e-du-Temps-Eliane-Radigue6-768x768.jpeg 768w, https:\/\/www.mottodistribution.com\/site\/wp-content\/uploads\/2024\/03\/Une-Ide\u0301e-du-Temps-Eliane-Radigue6.jpeg 1280w\" sizes=\"(max-width: 682px) 100vw, 682px\" \/><\/figure>\n\n\n\n<figure class=\"wp-block-image size-large\"><img loading=\"lazy\" width=\"682\" height=\"682\" src=\"https:\/\/www.mottodistribution.com\/site\/wp-content\/uploads\/2024\/03\/Une-Ide\u0301e-du-Temps-Eliane-Radigue5-682x682.jpeg\" alt=\"\" class=\"wp-image-56111\" srcset=\"https:\/\/www.mottodistribution.com\/site\/wp-content\/uploads\/2024\/03\/Une-Ide\u0301e-du-Temps-Eliane-Radigue5-682x682.jpeg 682w, https:\/\/www.mottodistribution.com\/site\/wp-content\/uploads\/2024\/03\/Une-Ide\u0301e-du-Temps-Eliane-Radigue5-300x300.jpeg 300w, https:\/\/www.mottodistribution.com\/site\/wp-content\/uploads\/2024\/03\/Une-Ide\u0301e-du-Temps-Eliane-Radigue5-150x150.jpeg 150w, https:\/\/www.mottodistribution.com\/site\/wp-content\/uploads\/2024\/03\/Une-Ide\u0301e-du-Temps-Eliane-Radigue5-768x768.jpeg 768w, https:\/\/www.mottodistribution.com\/site\/wp-content\/uploads\/2024\/03\/Une-Ide\u0301e-du-Temps-Eliane-Radigue5.jpeg 1280w\" sizes=\"(max-width: 682px) 100vw, 682px\" \/><\/figure>\n\n\n\n<figure class=\"wp-block-image size-large\"><img loading=\"lazy\" width=\"682\" height=\"682\" src=\"https:\/\/www.mottodistribution.com\/site\/wp-content\/uploads\/2024\/03\/Une-Ide\u0301e-du-Temps-Eliane-Radigue4-682x682.jpeg\" alt=\"\" class=\"wp-image-56112\" srcset=\"https:\/\/www.mottodistribution.com\/site\/wp-content\/uploads\/2024\/03\/Une-Ide\u0301e-du-Temps-Eliane-Radigue4-682x682.jpeg 682w, https:\/\/www.mottodistribution.com\/site\/wp-content\/uploads\/2024\/03\/Une-Ide\u0301e-du-Temps-Eliane-Radigue4-300x300.jpeg 300w, https:\/\/www.mottodistribution.com\/site\/wp-content\/uploads\/2024\/03\/Une-Ide\u0301e-du-Temps-Eliane-Radigue4-150x150.jpeg 150w, https:\/\/www.mottodistribution.com\/site\/wp-content\/uploads\/2024\/03\/Une-Ide\u0301e-du-Temps-Eliane-Radigue4-768x768.jpeg 768w, https:\/\/www.mottodistribution.com\/site\/wp-content\/uploads\/2024\/03\/Une-Ide\u0301e-du-Temps-Eliane-Radigue4.jpeg 1280w\" sizes=\"(max-width: 682px) 100vw, 682px\" \/><\/figure>\n\n\n\n<figure class=\"wp-block-image size-large\"><img loading=\"lazy\" width=\"682\" height=\"682\" src=\"https:\/\/www.mottodistribution.com\/site\/wp-content\/uploads\/2024\/03\/Une-Ide\u0301e-du-Temps-Eliane-Radigue3-682x682.jpeg\" alt=\"\" class=\"wp-image-56113\" srcset=\"https:\/\/www.mottodistribution.com\/site\/wp-content\/uploads\/2024\/03\/Une-Ide\u0301e-du-Temps-Eliane-Radigue3-682x682.jpeg 682w, https:\/\/www.mottodistribution.com\/site\/wp-content\/uploads\/2024\/03\/Une-Ide\u0301e-du-Temps-Eliane-Radigue3-300x300.jpeg 300w, https:\/\/www.mottodistribution.com\/site\/wp-content\/uploads\/2024\/03\/Une-Ide\u0301e-du-Temps-Eliane-Radigue3-150x150.jpeg 150w, https:\/\/www.mottodistribution.com\/site\/wp-content\/uploads\/2024\/03\/Une-Ide\u0301e-du-Temps-Eliane-Radigue3-768x768.jpeg 768w, https:\/\/www.mottodistribution.com\/site\/wp-content\/uploads\/2024\/03\/Une-Ide\u0301e-du-Temps-Eliane-Radigue3.jpeg 1280w\" sizes=\"(max-width: 682px) 100vw, 682px\" \/><\/figure>\n\n\n\n<figure class=\"wp-block-image size-large\"><img loading=\"lazy\" width=\"682\" height=\"682\" src=\"https:\/\/www.mottodistribution.com\/site\/wp-content\/uploads\/2024\/03\/Une-Ide\u0301e-du-Temps-Eliane-Radigue2-682x682.jpeg\" alt=\"\" class=\"wp-image-56114\" srcset=\"https:\/\/www.mottodistribution.com\/site\/wp-content\/uploads\/2024\/03\/Une-Ide\u0301e-du-Temps-Eliane-Radigue2-682x682.jpeg 682w, https:\/\/www.mottodistribution.com\/site\/wp-content\/uploads\/2024\/03\/Une-Ide\u0301e-du-Temps-Eliane-Radigue2-300x300.jpeg 300w, https:\/\/www.mottodistribution.com\/site\/wp-content\/uploads\/2024\/03\/Une-Ide\u0301e-du-Temps-Eliane-Radigue2-150x150.jpeg 150w, https:\/\/www.mottodistribution.com\/site\/wp-content\/uploads\/2024\/03\/Une-Ide\u0301e-du-Temps-Eliane-Radigue2-768x768.jpeg 768w, https:\/\/www.mottodistribution.com\/site\/wp-content\/uploads\/2024\/03\/Une-Ide\u0301e-du-Temps-Eliane-Radigue2.jpeg 1280w\" sizes=\"(max-width: 682px) 100vw, 682px\" \/><\/figure>\n\n\n\n<figure class=\"wp-block-image size-large\"><img loading=\"lazy\" width=\"682\" height=\"682\" src=\"https:\/\/www.mottodistribution.com\/site\/wp-content\/uploads\/2024\/03\/Une-Ide\u0301e-du-Temps-Eliane-Radigue1-682x682.jpeg\" alt=\"\" class=\"wp-image-56115\" srcset=\"https:\/\/www.mottodistribution.com\/site\/wp-content\/uploads\/2024\/03\/Une-Ide\u0301e-du-Temps-Eliane-Radigue1-682x682.jpeg 682w, https:\/\/www.mottodistribution.com\/site\/wp-content\/uploads\/2024\/03\/Une-Ide\u0301e-du-Temps-Eliane-Radigue1-300x300.jpeg 300w, https:\/\/www.mottodistribution.com\/site\/wp-content\/uploads\/2024\/03\/Une-Ide\u0301e-du-Temps-Eliane-Radigue1-150x150.jpeg 150w, https:\/\/www.mottodistribution.com\/site\/wp-content\/uploads\/2024\/03\/Une-Ide\u0301e-du-Temps-Eliane-Radigue1-768x768.jpeg 768w, https:\/\/www.mottodistribution.com\/site\/wp-content\/uploads\/2024\/03\/Une-Ide\u0301e-du-Temps-Eliane-Radigue1.jpeg 800w\" sizes=\"(max-width: 682px) 100vw, 682px\" \/><\/figure>\n\n\n\n<p>&#8216;Une id\u00e9e du temps&#8217; rend hommage \u00e0 \u00c9liane Radigue, pionni\u00e8re de la musique \u00e9lectronique \u00e0 92 ans. Avec son ARP 2500, elle a cr\u00e9\u00e9 un son distinctif bas\u00e9 sur sa vision audacieuse et son sens unique de l&#8217;acoustique, du temps et de la dur\u00e9e. Le livre pr\u00e9sente des portraits et des photos de son ARP 2500 prises entre 1955 et 1972, avec une introduction de Joseph Ghosn en anglais et fran\u00e7ais. Premier tirage limit\u00e9 \u00e0 300 exemplaires.<\/p>\n\n\n\n<p>Author: Laia Bonastre (Ed.) <\/p>\n\n\n\n<p>Publisher: Laia Selects<\/p>\n\n\n\n<p>Order <a href=\"http:\/\/www.mottodistribution.com\/shop\/une-idee-du-temps-eliane-radigue-9791041536313.html\">here<\/a><\/p>\n","protected":false},"excerpt":{"rendered":"<p>&#8216;Une id\u00e9e du temps&#8217; rend hommage \u00e0 \u00c9liane Radigue, pionni\u00e8re de la musique \u00e9lectronique \u00e0 92 ans. Avec son ARP 2500, elle a cr\u00e9\u00e9 un son distinctif bas\u00e9 sur sa vision audacieuse et son sens unique de l&#8217;acoustique, du temps et de la dur\u00e9e. Le livre pr\u00e9sente des portraits et des photos de son ARP [&hellip;]<\/p>\n","protected":false},"author":88,"featured_media":0,"comment_status":"closed","ping_status":"open","sticky":false,"template":"","format":"standard","meta":[],"categories":[13,14],"tags":[9796,9794,9799,9795,8948,9798,9793,9797],"_links":{"self":[{"href":"https:\/\/www.mottodistribution.com\/site\/index.php?rest_route=\/wp\/v2\/posts\/56106"}],"collection":[{"href":"https:\/\/www.mottodistribution.com\/site\/index.php?rest_route=\/wp\/v2\/posts"}],"about":[{"href":"https:\/\/www.mottodistribution.com\/site\/index.php?rest_route=\/wp\/v2\/types\/post"}],"author":[{"embeddable":true,"href":"https:\/\/www.mottodistribution.com\/site\/index.php?rest_route=\/wp\/v2\/users\/88"}],"replies":[{"embeddable":true,"href":"https:\/\/www.mottodistribution.com\/site\/index.php?rest_route=%2Fwp%2Fv2%2Fcomments&post=56106"}],"version-history":[{"count":1,"href":"https:\/\/www.mottodistribution.com\/site\/index.php?rest_route=\/wp\/v2\/posts\/56106\/revisions"}],"predecessor-version":[{"id":56116,"href":"https:\/\/www.mottodistribution.com\/site\/index.php?rest_route=\/wp\/v2\/posts\/56106\/revisions\/56116"}],"wp:attachment":[{"href":"https:\/\/www.mottodistribution.com\/site\/index.php?rest_route=%2Fwp%2Fv2%2Fmedia&parent=56106"}],"wp:term":[{"taxonomy":"category","embeddable":true,"href":"https:\/\/www.mottodistribution.com\/site\/index.php?rest_route=%2Fwp%2Fv2%2Fcategories&post=56106"},{"taxonomy":"post_tag","embeddable":true,"href":"https:\/\/www.mottodistribution.com\/site\/index.php?rest_route=%2Fwp%2Fv2%2Ftags&post=56106"}],"curies":[{"name":"wp","href":"https:\/\/api.w.org\/{rel}","templated":true}]}}