{"id":16863,"date":"2011-08-28T09:58:29","date_gmt":"2011-08-28T08:58:29","guid":{"rendered":"http:\/\/www.mottodistribution.com\/site\/?p=16863"},"modified":"2011-08-28T10:01:52","modified_gmt":"2011-08-28T09:01:52","slug":"it%e2%80%99s-not-a-garden-table-book-launch-motto-zurich-01-09-2011","status":"publish","type":"post","link":"https:\/\/www.mottodistribution.com\/site\/?p=16863","title":{"rendered":"IT\u2019S NOT A GARDEN TABLE. Book launch @ Motto Z\u00fcrich. 01.09.2011"},"content":{"rendered":"<p><a href=\"http:\/\/www.mottodistribution.com\/site\/wp-content\/uploads\/2011\/08\/ItsNotAGardenTable_jrp_ringier.jpg\"><img loading=\"lazy\" class=\"alignnone size-full wp-image-16865\" title=\"ItsNotAGardenTable_jrp_ringier\" src=\"http:\/\/www.mottodistribution.com\/site\/wp-content\/uploads\/2011\/08\/ItsNotAGardenTable_jrp_ringier.jpg\" alt=\"\" width=\"428\" height=\"635\" srcset=\"https:\/\/www.mottodistribution.com\/site\/wp-content\/uploads\/2011\/08\/ItsNotAGardenTable_jrp_ringier.jpg 428w, https:\/\/www.mottodistribution.com\/site\/wp-content\/uploads\/2011\/08\/ItsNotAGardenTable_jrp_ringier-202x300.jpg 202w\" sizes=\"(max-width: 428px) 100vw, 428px\" \/><\/a><\/p>\n<p>IT\u2019S NOT A GARDEN TABLE \u2013 Kunst und Design und im erweiterten Feld<strong><br \/>\n<\/strong>Sammelband, herausgegeben von J\u00f6rg Huber,\u00a0Burkhard Meltzer,\u00a0Heike Munder,\u00a0Tido von Oppeln<\/p>\n<p>K\u00fcnstler, Designer und Theoretiker diskutieren die Konsequenzen eines  selbstreferenziellen Designkonzepts, der \u00c4sthetik der Lebenswelt im  Kunstkontext und andere damit verkn\u00fcpfte Themen mit einem besonderen  Fokus auf die Objektkategorie des M\u00f6bels. Die Publikation schl\u00e4gt drei  Zug\u00e4nge f\u00fcr eine erweiterte Auffassung von Design heute und ihre  Beziehung zum Kunstkontext vor:<\/p>\n<p>&#8211; \u201eUnterscheiden\u201c: mit Texten von Sven L\u00fctticken, Klaus Spechtenhauser, Tido von Oppeln, Mateo Kries, Burkhard Meltzer<\/p>\n<p>&#8211; \u201eTeilnehmen\u201c:\u00a0mit Texten von Alexander Garc\u00eda D\u00fcttmann, Monika  Kritzm\u00f6ller, Jennifer Allen, Judith Welter und einem Gespr\u00e4ch zwischen  Martin Boyce, Fr\u00e9d\u00e9ric Dedelley und Max Borka<\/p>\n<p>&#8211; \u201eHerstellen\u201c: Interviews mit Jerszy Seymor, Julia Lohmann, Jurgen  Bey, Martino Gamper, Front Design, Martin Boyce, David Renggli, Matthew  Smith, Andrea Zittel, Florian Slotawa und Mamiko Otsubo<\/p>\n<p>Herausgegeben anl\u00e4sslich einer Forschungszusammenarbeit zwischen dem  Institut f\u00fcr Theorie (ith) der ZHdK und dem migros museum f\u00fcr  gegenwartskunst Z\u00fcrich.<\/p>\n<p>Gestaltung: flag\/www.flag.cc<br \/>\nErscheint bei JRP|Ringier, <a href=\"http:\/\/www.jrp-ringier.com\/\">www.jrp-ringier.com<\/a>, Verf\u00fcgbar ab September 2011<br \/>\nAusgaben: Deutsch ISBN 978-3-03764-237-5 \/ Englisch ISBN 978-3-03764-211-5<br \/>\nSoftcover, 165\u00d7220 mm, 270 Seiten, \u00fcber 200 Abbildungen, davon 32 in Farbe, CHF 48<\/p>\n","protected":false},"excerpt":{"rendered":"<p>IT\u2019S NOT A GARDEN TABLE \u2013 Kunst und Design und im erweiterten Feld Sammelband, herausgegeben von J\u00f6rg Huber,\u00a0Burkhard Meltzer,\u00a0Heike Munder,\u00a0Tido von Oppeln K\u00fcnstler, Designer und Theoretiker diskutieren die Konsequenzen eines selbstreferenziellen Designkonzepts, der \u00c4sthetik der Lebenswelt im Kunstkontext und andere damit verkn\u00fcpfte Themen mit einem besonderen Fokus auf die Objektkategorie des M\u00f6bels. Die Publikation schl\u00e4gt [&hellip;]<\/p>\n","protected":false},"author":1,"featured_media":0,"comment_status":"closed","ping_status":"open","sticky":false,"template":"","format":"standard","meta":[],"categories":[990],"tags":[],"_links":{"self":[{"href":"https:\/\/www.mottodistribution.com\/site\/index.php?rest_route=\/wp\/v2\/posts\/16863"}],"collection":[{"href":"https:\/\/www.mottodistribution.com\/site\/index.php?rest_route=\/wp\/v2\/posts"}],"about":[{"href":"https:\/\/www.mottodistribution.com\/site\/index.php?rest_route=\/wp\/v2\/types\/post"}],"author":[{"embeddable":true,"href":"https:\/\/www.mottodistribution.com\/site\/index.php?rest_route=\/wp\/v2\/users\/1"}],"replies":[{"embeddable":true,"href":"https:\/\/www.mottodistribution.com\/site\/index.php?rest_route=%2Fwp%2Fv2%2Fcomments&post=16863"}],"version-history":[{"count":3,"href":"https:\/\/www.mottodistribution.com\/site\/index.php?rest_route=\/wp\/v2\/posts\/16863\/revisions"}],"predecessor-version":[{"id":16867,"href":"https:\/\/www.mottodistribution.com\/site\/index.php?rest_route=\/wp\/v2\/posts\/16863\/revisions\/16867"}],"wp:attachment":[{"href":"https:\/\/www.mottodistribution.com\/site\/index.php?rest_route=%2Fwp%2Fv2%2Fmedia&parent=16863"}],"wp:term":[{"taxonomy":"category","embeddable":true,"href":"https:\/\/www.mottodistribution.com\/site\/index.php?rest_route=%2Fwp%2Fv2%2Fcategories&post=16863"},{"taxonomy":"post_tag","embeddable":true,"href":"https:\/\/www.mottodistribution.com\/site\/index.php?rest_route=%2Fwp%2Fv2%2Ftags&post=16863"}],"curies":[{"name":"wp","href":"https:\/\/api.w.org\/{rel}","templated":true}]}}