{"id":57634,"date":"2025-10-15T18:59:28","date_gmt":"2025-10-15T17:59:28","guid":{"rendered":"https:\/\/www.mottodistribution.com\/site\/?p=57634"},"modified":"2025-10-26T20:30:10","modified_gmt":"2025-10-26T19:30:10","slug":"alienation-et-minorite-25-10-2025-2-10pm","status":"publish","type":"post","link":"http:\/\/www.mottodistribution.com\/site\/?p=57634","title":{"rendered":"Ali\u00e9nation et Minorit\u00e9 25.10.2025. 2-10PM Motto Paris"},"content":{"rendered":"\n<figure class=\"wp-block-image size-full\"><img loading=\"lazy\" width=\"640\" height=\"480\" src=\"https:\/\/www.mottodistribution.com\/site\/wp-content\/uploads\/2025\/10\/IMG_1862.jpeg\" alt=\"\" class=\"wp-image-57635\" srcset=\"http:\/\/www.mottodistribution.com\/site\/wp-content\/uploads\/2025\/10\/IMG_1862.jpeg 640w, http:\/\/www.mottodistribution.com\/site\/wp-content\/uploads\/2025\/10\/IMG_1862-340x255.jpeg 340w\" sizes=\"(max-width: 640px) 100vw, 640px\" \/><\/figure>\n\n\n\n<p>Le film \u00ab&nbsp;<a href=\"https:\/\/paris-luttes.info\/alienation-et-minorite-samedi-25-19826\">il \u00e9tait une fois l&#8217;\u00e9cologie<\/a>&nbsp;\u00bb sera projet\u00e9 dans la buvette galerie&nbsp;dans le&nbsp;cadre de la journ\u00e9e Alienation et minorit\u00e9, qui aura lieu le 25 octobre 2025 entre 14h et 22h.<\/p>\n\n\n\n<p>Ce film \u00e9voque la vision d&#8217;un des participants du comit\u00e9 antinucl\u00e9aire de Paris qui fut un des partenaires de l&#8217;\u00e9mergence de la candidature de Ren\u00e9 Dumont aux pr\u00e9sidentielles.&nbsp;<br><br>Motto Paris&nbsp;<br>38 rue du Vertbois, 75003 Paris&nbsp;<\/p>\n","protected":false},"excerpt":{"rendered":"<p>Le film \u00ab&nbsp;il \u00e9tait une fois l&#8217;\u00e9cologie&nbsp;\u00bb sera projet\u00e9 dans la buvette galerie&nbsp;dans le&nbsp;cadre de la journ\u00e9e Alienation et minorit\u00e9, qui aura lieu le 25 octobre 2025 entre 14h et 22h. Ce film \u00e9voque la vision d&#8217;un des participants du comit\u00e9 antinucl\u00e9aire de Paris qui fut un des partenaires de l&#8217;\u00e9mergence de la candidature de [&hellip;]<\/p>\n","protected":false},"author":91,"featured_media":0,"comment_status":"closed","ping_status":"open","sticky":false,"template":"","format":"standard","meta":[],"categories":[9867,7,251,10182],"tags":[],"_links":{"self":[{"href":"http:\/\/www.mottodistribution.com\/site\/index.php?rest_route=\/wp\/v2\/posts\/57634"}],"collection":[{"href":"http:\/\/www.mottodistribution.com\/site\/index.php?rest_route=\/wp\/v2\/posts"}],"about":[{"href":"http:\/\/www.mottodistribution.com\/site\/index.php?rest_route=\/wp\/v2\/types\/post"}],"author":[{"embeddable":true,"href":"http:\/\/www.mottodistribution.com\/site\/index.php?rest_route=\/wp\/v2\/users\/91"}],"replies":[{"embeddable":true,"href":"http:\/\/www.mottodistribution.com\/site\/index.php?rest_route=%2Fwp%2Fv2%2Fcomments&post=57634"}],"version-history":[{"count":3,"href":"http:\/\/www.mottodistribution.com\/site\/index.php?rest_route=\/wp\/v2\/posts\/57634\/revisions"}],"predecessor-version":[{"id":57661,"href":"http:\/\/www.mottodistribution.com\/site\/index.php?rest_route=\/wp\/v2\/posts\/57634\/revisions\/57661"}],"wp:attachment":[{"href":"http:\/\/www.mottodistribution.com\/site\/index.php?rest_route=%2Fwp%2Fv2%2Fmedia&parent=57634"}],"wp:term":[{"taxonomy":"category","embeddable":true,"href":"http:\/\/www.mottodistribution.com\/site\/index.php?rest_route=%2Fwp%2Fv2%2Fcategories&post=57634"},{"taxonomy":"post_tag","embeddable":true,"href":"http:\/\/www.mottodistribution.com\/site\/index.php?rest_route=%2Fwp%2Fv2%2Ftags&post=57634"}],"curies":[{"name":"wp","href":"https:\/\/api.w.org\/{rel}","templated":true}]}}